{"id":10543,"date":"2018-10-10T15:57:06","date_gmt":"2018-10-10T13:57:06","guid":{"rendered":"https:\/\/ollerdecoracio.com\/como-renovar-el-hogar-sin-hacer-obras\/"},"modified":"2023-01-04T13:16:40","modified_gmt":"2023-01-04T12:16:40","slug":"com-renovar-la-teva-llar-sense-fer-obres","status":"publish","type":"post","link":"https:\/\/ollerdecoracio.com\/ca\/com-renovar-la-teva-llar-sense-fer-obres\/","title":{"rendered":"Com renovar la teva llar sense fer obres"},"content":{"rendered":"<p><div class=\"fusion-fullwidth fullwidth-box fusion-builder-row-1 nonhundred-percent-fullwidth non-hundred-percent-height-scrolling\" style=\"--awb-border-radius-top-left:0px;--awb-border-radius-top-right:0px;--awb-border-radius-bottom-right:0px;--awb-border-radius-bottom-left:0px;--awb-flex-wrap:wrap;\" ><div class=\"fusion-builder-row fusion-row\"><div class=\"fusion-layout-column fusion_builder_column fusion-builder-column-0 fusion_builder_column_1_1 1_1 fusion-one-full fusion-column-first fusion-column-last\" style=\"--awb-bg-size:cover;--awb-margin-top:0px;--awb-margin-bottom:0px;\"><div class=\"fusion-column-wrapper fusion-flex-column-wrapper-legacy\"><div class=\"fusion-text fusion-text-1 justificado\"><p>A tots ens ha passat alguna vegada: no sabem el perqu\u00e8, per\u00f2 a poc a poc se\u2019ns \u201ctrenca l\u2019amor\u201d amb la nostra llar. Ja no ens il\u00b7lusiona arribar a la llar, no ens conven\u00e7 el conjunt que veiem cada dia des de fa anys. Per\u00f2 tampoc estem disposats a fer una reforma. Per aix\u00f2, <strong>Com podem renovar casa nostra sense fer obres?<\/strong><\/p>\n<p>La clau est\u00e0 en canviar alguns elements clau, que tenen gran pes en el conjunt. Renovant el terra, la decoraci\u00f3 de les parets i alguns petits detalls, pots donar un aire totalment nou en pocs dies.<\/p>\n<h3>Nou paviment de parquet<\/h3>\n<\/div><div class=\"fusion-clearfix\"><\/div><\/div><\/div><\/div><\/div><div class=\"fusion-fullwidth fullwidth-box fusion-builder-row-2 nonhundred-percent-fullwidth non-hundred-percent-height-scrolling fusion-equal-height-columns\" style=\"--awb-border-radius-top-left:0px;--awb-border-radius-top-right:0px;--awb-border-radius-bottom-right:0px;--awb-border-radius-bottom-left:0px;--awb-margin-top:-20px;--awb-flex-wrap:wrap;\" ><div class=\"fusion-builder-row fusion-row\"><div class=\"fusion-layout-column fusion_builder_column fusion-builder-column-1 fusion_builder_column_2_5 2_5 fusion-two-fifth fusion-column-first\" style=\"--awb-bg-size:cover;width:40%;width:calc(40% - ( ( 4% ) * 0.4 ) );margin-right: 4%;\"><div class=\"fusion-column-wrapper fusion-flex-column-wrapper-legacy\"><div class=\"fusion-image-element fusion-image-align-center in-legacy-container\" style=\"text-align:center;--awb-caption-title-font-family:var(--h2_typography-font-family);--awb-caption-title-font-weight:var(--h2_typography-font-weight);--awb-caption-title-font-style:var(--h2_typography-font-style);--awb-caption-title-size:var(--h2_typography-font-size);--awb-caption-title-transform:var(--h2_typography-text-transform);--awb-caption-title-line-height:var(--h2_typography-line-height);--awb-caption-title-letter-spacing:var(--h2_typography-letter-spacing);\"><div class=\"imageframe-align-center\"><span class=\" fusion-imageframe imageframe-glow imageframe-1 hover-type-none fusion-animated\" style=\"-webkit-box-shadow: 0 0 3px rgba(63,62,58,0.3);box-shadow: 0 0 3px rgba(63,62,58,0.3);\" data-animationType=\"fadeInLeft\" data-animationDuration=\"0.3\" data-animationOffset=\"top-into-view\"><img decoding=\"async\" width=\"450\" height=\"300\" alt=\"Tienda de parquet en Granollers\" title=\"Botiga parquet Granollers\" src=\"https:\/\/ollerdecoracio.com\/wp-content\/uploads\/tienda-parquet.jpg\" class=\"img-responsive wp-image-10544\" srcset=\"https:\/\/ollerdecoracio.com\/wp-content\/uploads\/tienda-parquet-200x133.jpg 200w, https:\/\/ollerdecoracio.com\/wp-content\/uploads\/tienda-parquet-400x267.jpg 400w, https:\/\/ollerdecoracio.com\/wp-content\/uploads\/tienda-parquet.jpg 450w\" sizes=\"(max-width: 1050px) 100vw, 450px\" \/><\/span><\/div><\/div><div class=\"fusion-clearfix\"><\/div><\/div><\/div><div class=\"fusion-layout-column fusion_builder_column fusion-builder-column-2 fusion_builder_column_3_5 3_5 fusion-three-fifth fusion-column-last\" style=\"--awb-bg-size:cover;width:60%;width:calc(60% - ( ( 4% ) * 0.6 ) );\"><div class=\"fusion-column-wrapper fusion-flex-column-wrapper-legacy\"><div class=\"fusion-column-content-centered\"><div class=\"fusion-column-content\"><div class=\"fusion-text fusion-text-2 justificado\"><p>El terra t\u00e9 un gran pes en el conjunt de la decoraci\u00f3. Cobreix un gres fosc amb un parquet clar, i la teva llar semblar\u00e0 una altra en hores. Unifica les estances amb un terra continu, i les habitacions creixeran per art de m\u00e0gia.<\/p>\n<p>Actualment, les <a href=\"\/ca\/botiga-parquet\/\">solucions de parquet<\/a> s\u00f3n tan variades i atractives, que es impossible no trobar el paviment perfecte per a les teves necessitats. I el millor: pot col\u00b7locar-se en molt poc temps, sense fer obres.<\/p>\n<\/div><\/div><\/div><div class=\"fusion-clearfix\"><\/div><\/div><\/div><\/div><\/div><div class=\"fusion-fullwidth fullwidth-box fusion-builder-row-3 nonhundred-percent-fullwidth non-hundred-percent-height-scrolling\" style=\"--awb-border-radius-top-left:0px;--awb-border-radius-top-right:0px;--awb-border-radius-bottom-right:0px;--awb-border-radius-bottom-left:0px;--awb-flex-wrap:wrap;\" ><div class=\"fusion-builder-row fusion-row\"><div class=\"fusion-layout-column fusion_builder_column fusion-builder-column-3 fusion_builder_column_1_1 1_1 fusion-one-full fusion-column-first fusion-column-last\" style=\"--awb-bg-size:cover;\"><div class=\"fusion-column-wrapper fusion-flex-column-wrapper-legacy\"><div class=\"fusion-text fusion-text-3\"><h3>Decoraci\u00f3 de parets<\/h3>\n<\/div><div class=\"fusion-clearfix\"><\/div><\/div><\/div><\/div><\/div><div class=\"fusion-fullwidth fullwidth-box fusion-builder-row-4 nonhundred-percent-fullwidth non-hundred-percent-height-scrolling fusion-equal-height-columns\" style=\"--awb-border-radius-top-left:0px;--awb-border-radius-top-right:0px;--awb-border-radius-bottom-right:0px;--awb-border-radius-bottom-left:0px;--awb-margin-top:-40px;--awb-flex-wrap:wrap;\" ><div class=\"fusion-builder-row fusion-row\"><div class=\"fusion-layout-column fusion_builder_column fusion-builder-column-4 fusion_builder_column_2_5 2_5 fusion-two-fifth fusion-column-first\" style=\"--awb-bg-size:cover;width:40%;width:calc(40% - ( ( 4% ) * 0.4 ) );margin-right: 4%;\"><div class=\"fusion-column-wrapper fusion-flex-column-wrapper-legacy\"><div class=\"fusion-image-element fusion-image-align-center in-legacy-container\" style=\"text-align:center;--awb-caption-title-font-family:var(--h2_typography-font-family);--awb-caption-title-font-weight:var(--h2_typography-font-weight);--awb-caption-title-font-style:var(--h2_typography-font-style);--awb-caption-title-size:var(--h2_typography-font-size);--awb-caption-title-transform:var(--h2_typography-text-transform);--awb-caption-title-line-height:var(--h2_typography-line-height);--awb-caption-title-letter-spacing:var(--h2_typography-letter-spacing);\"><div class=\"imageframe-align-center\"><span class=\" fusion-imageframe imageframe-glow imageframe-2 hover-type-none fusion-animated\" style=\"-webkit-box-shadow: 0 0 3px rgba(63,62,58,0.3);box-shadow: 0 0 3px rgba(63,62,58,0.3);\" data-animationType=\"fadeInLeft\" data-animationDuration=\"0.3\" data-animationOffset=\"top-into-view\"><img decoding=\"async\" width=\"450\" height=\"420\" alt=\"Decoraci\u00f3n de paredes\" title=\"Decoraci\u00f3 parets\" src=\"https:\/\/ollerdecoracio.com\/wp-content\/uploads\/decoracion-paredes.jpg\" class=\"img-responsive wp-image-10712\" srcset=\"https:\/\/ollerdecoracio.com\/wp-content\/uploads\/decoracion-paredes-200x187.jpg 200w, https:\/\/ollerdecoracio.com\/wp-content\/uploads\/decoracion-paredes-400x373.jpg 400w, https:\/\/ollerdecoracio.com\/wp-content\/uploads\/decoracion-paredes.jpg 450w\" sizes=\"(max-width: 1050px) 100vw, 450px\" \/><\/span><\/div><\/div><div class=\"fusion-clearfix\"><\/div><\/div><\/div><div class=\"fusion-layout-column fusion_builder_column fusion-builder-column-5 fusion_builder_column_3_5 3_5 fusion-three-fifth fusion-column-last\" style=\"--awb-bg-size:cover;width:60%;width:calc(60% - ( ( 4% ) * 0.6 ) );\"><div class=\"fusion-column-wrapper fusion-flex-column-wrapper-legacy\"><div class=\"fusion-column-content-centered\"><div class=\"fusion-column-content\"><div class=\"fusion-text fusion-text-4 justificado\"><p>Despr\u00e9s del paviment, les parets s\u00f3n l\u2019element que m\u00e9s domina en una estan\u00e7a i s\u00f3n realment f\u00e0cil de renovar.<\/p>\n<p>Amb pintura podem fer un canvi de color, combinar colors diferents en una mateixa estan\u00e7a o treballar <a href=\"\/ca\/botiga-pintures\/\">pintures decoratives<\/a> per aportar textura a les parets. Si el teu habitatge no \u00e9s molt gran, pots pintar totes les parets del mateix color i guanyar metres visualment.<\/p>\n<p>A m\u00e9s de la pintura, tenim una ampl\u00edssima varietat de decoraci\u00f3 amb els <a href=\"\/ca\/botiga-paper-pintat\/\">paper pintats<\/a>. De tots els colors, textures i estampats imaginables, el paper pintat aconsegueix decorar una estan\u00e7a nom\u00e9s amb la seva pres\u00e8ncia. Tenim tants cat\u00e0legs disponibles que trobarem s\u00ed o s\u00ed el teu paper perfecte.<\/p>\n<\/div><\/div><\/div><div class=\"fusion-clearfix\"><\/div><\/div><\/div><\/div><\/div><div class=\"fusion-fullwidth fullwidth-box fusion-builder-row-5 nonhundred-percent-fullwidth non-hundred-percent-height-scrolling\" style=\"--awb-border-radius-top-left:0px;--awb-border-radius-top-right:0px;--awb-border-radius-bottom-right:0px;--awb-border-radius-bottom-left:0px;--awb-flex-wrap:wrap;\" ><div class=\"fusion-builder-row fusion-row\"><div class=\"fusion-layout-column fusion_builder_column fusion-builder-column-6 fusion_builder_column_1_1 1_1 fusion-one-full fusion-column-first fusion-column-last\" style=\"--awb-bg-size:cover;\"><div class=\"fusion-column-wrapper fusion-flex-column-wrapper-legacy\"><div class=\"fusion-text fusion-text-5\"><h3>La import\u00e0ncia dels detalls<\/h3>\n<\/div><div class=\"fusion-clearfix\"><\/div><\/div><\/div><\/div><\/div><div class=\"fusion-fullwidth fullwidth-box fusion-builder-row-6 nonhundred-percent-fullwidth non-hundred-percent-height-scrolling fusion-equal-height-columns\" style=\"--awb-border-radius-top-left:0px;--awb-border-radius-top-right:0px;--awb-border-radius-bottom-right:0px;--awb-border-radius-bottom-left:0px;--awb-margin-top:-40px;--awb-flex-wrap:wrap;\" ><div class=\"fusion-builder-row fusion-row\"><div class=\"fusion-layout-column fusion_builder_column fusion-builder-column-7 fusion_builder_column_2_5 2_5 fusion-two-fifth fusion-column-first\" style=\"--awb-bg-size:cover;width:40%;width:calc(40% - ( ( 4% ) * 0.4 ) );margin-right: 4%;\"><div class=\"fusion-column-wrapper fusion-flex-column-wrapper-legacy\"><div class=\"fusion-image-element fusion-image-align-center in-legacy-container\" style=\"text-align:center;--awb-caption-title-font-family:var(--h2_typography-font-family);--awb-caption-title-font-weight:var(--h2_typography-font-weight);--awb-caption-title-font-style:var(--h2_typography-font-style);--awb-caption-title-size:var(--h2_typography-font-size);--awb-caption-title-transform:var(--h2_typography-text-transform);--awb-caption-title-line-height:var(--h2_typography-line-height);--awb-caption-title-letter-spacing:var(--h2_typography-letter-spacing);\"><div class=\"imageframe-align-center\"><span class=\" fusion-imageframe imageframe-glow imageframe-3 hover-type-none fusion-animated\" style=\"-webkit-box-shadow: 0 0 3px rgba(63,62,58,0.3);box-shadow: 0 0 3px rgba(63,62,58,0.3);\" data-animationType=\"fadeInLeft\" data-animationDuration=\"0.3\" data-animationOffset=\"top-into-view\"><img decoding=\"async\" width=\"450\" height=\"200\" alt=\"Decoraci\u00f3n de paredes\" title=\"Instal\u00b7laci\u00f3 de s\u00f2cols\" src=\"https:\/\/ollerdecoracio.com\/wp-content\/uploads\/instalacion-zocalos.jpg\" class=\"img-responsive wp-image-10711\" srcset=\"https:\/\/ollerdecoracio.com\/wp-content\/uploads\/instalacion-zocalos-200x89.jpg 200w, https:\/\/ollerdecoracio.com\/wp-content\/uploads\/instalacion-zocalos-400x178.jpg 400w, https:\/\/ollerdecoracio.com\/wp-content\/uploads\/instalacion-zocalos.jpg 450w\" sizes=\"(max-width: 1050px) 100vw, 450px\" \/><\/span><\/div><\/div><div class=\"fusion-clearfix\"><\/div><\/div><\/div><div class=\"fusion-layout-column fusion_builder_column fusion-builder-column-8 fusion_builder_column_3_5 3_5 fusion-three-fifth fusion-column-last\" style=\"--awb-bg-size:cover;width:60%;width:calc(60% - ( ( 4% ) * 0.6 ) );\"><div class=\"fusion-column-wrapper fusion-flex-column-wrapper-legacy\"><div class=\"fusion-column-content-centered\"><div class=\"fusion-column-content\"><div class=\"fusion-text fusion-text-6 justificado\"><p>No volem acabar sense comentar la import\u00e0ncia dels petits detalls. <a href=\"\/ca\/motllures-cornises-socals\/\">Col\u00b7locar motllures<\/a> per a fer estructures i afegir cornises als sostres poden donar-li un aire completament renovat a la teva decoraci\u00f3. Acabats molt elegants i originals, totalment a mida.<\/p>\n<\/div><\/div><\/div><div class=\"fusion-clearfix\"><\/div><\/div><\/div><\/div><\/div><div class=\"fusion-fullwidth fullwidth-box fusion-builder-row-7 nonhundred-percent-fullwidth non-hundred-percent-height-scrolling\" style=\"--awb-border-radius-top-left:0px;--awb-border-radius-top-right:0px;--awb-border-radius-bottom-right:0px;--awb-border-radius-bottom-left:0px;--awb-flex-wrap:wrap;\" ><div class=\"fusion-builder-row fusion-row\"><div class=\"fusion-layout-column fusion_builder_column fusion-builder-column-9 fusion_builder_column_1_1 1_1 fusion-one-full fusion-column-first fusion-column-last\" style=\"--awb-bg-size:cover;\"><div class=\"fusion-column-wrapper fusion-flex-column-wrapper-legacy\"><div class=\"fusion-text fusion-text-7\"><blockquote>\n<p>Si vols m\u00e9s idees, <a href=\"https:\/\/ollerdecoracio.com\/ca\/botiga-interiorisme-granollers\/\">vine a la nostra botiga a Granollers<\/a>. Amb <strong>Oller Decoraci\u00f3<\/strong> tornar\u00e0s a enamorar-te de casa teva&#8230; Sense fer obres.<\/p>\n<\/blockquote>\n<\/div><div class=\"fusion-clearfix\"><\/div><\/div><\/div><\/div><\/div><div class=\"fusion-fullwidth fullwidth-box fusion-builder-row-8 has-pattern-background has-mask-background nonhundred-percent-fullwidth non-hundred-percent-height-scrolling\" style=\"--awb-border-radius-top-left:0px;--awb-border-radius-top-right:0px;--awb-border-radius-bottom-right:0px;--awb-border-radius-bottom-left:0px;--awb-padding-bottom:10%;--awb-flex-wrap:wrap;\" ><div class=\"fusion-builder-row fusion-row\"><div class=\"fusion-layout-column fusion_builder_column fusion-builder-column-10 fusion_builder_column_1_1 1_1 fusion-one-full fusion-column-first fusion-column-last\" style=\"--awb-bg-size:cover;\"><div class=\"fusion-column-wrapper fusion-flex-column-wrapper-legacy\"><div class=\"fusion-button-wrapper fusion-aligncenter\"><a class=\"fusion-button button-flat fusion-button-default-size button-default fusion-button-default button-1 fusion-button-default-span fusion-button-default-type fusion-animated\" style=\"--button_text_transform:none;\" data-animationType=\"fadeInUp\" data-animationDuration=\"0.5\" data-animationOffset=\"top-into-view\" target=\"_self\" href=\"\/ca\/blog\/\"><i class=\"fa-caret-left fas awb-button__icon awb-button__icon--default button-icon-left\" aria-hidden=\"true\"><\/i><span class=\"fusion-button-text awb-button__text awb-button__text--default\">Tornar al blog<\/span><\/a><\/div><div class=\"fusion-clearfix\"><\/div><\/div><\/div><\/div><\/div><\/p>\n","protected":false},"excerpt":{"rendered":"","protected":false},"author":1,"featured_media":10544,"comment_status":"closed","ping_status":"closed","sticky":false,"template":"","format":"standard","meta":{"footnotes":""},"categories":[20],"tags":[],"class_list":["post-10543","post","type-post","status-publish","format-standard","has-post-thumbnail","hentry","category-blog"],"yoast_head":"<!-- This site is optimized with the Yoast SEO plugin v27.4 - https:\/\/yoast.com\/product\/yoast-seo-wordpress\/ -->\n<title>Com renovar la teva llar sense fer obres | Oller Decoraci\u00f3<\/title>\n<meta name=\"description\" content=\"Canviant el terra, la decoraci\u00f3 de les parets i alguns detalls, pots estrenar una nova llar sense fer obres... Torna a enamorar-te de casa teva.\" \/>\n<meta name=\"robots\" content=\"index, follow, max-snippet:-1, max-image-preview:large, max-video-preview:-1\" \/>\n<link rel=\"canonical\" href=\"https:\/\/ollerdecoracio.com\/ca\/com-renovar-la-teva-llar-sense-fer-obres\/\" \/>\n<meta property=\"og:locale\" content=\"ca_ES\" \/>\n<meta property=\"og:type\" content=\"article\" \/>\n<meta property=\"og:title\" content=\"Com renovar la teva llar sense fer obres | Oller Decoraci\u00f3\" \/>\n<meta property=\"og:description\" content=\"Canviant el terra, la decoraci\u00f3 de les parets i alguns detalls, pots estrenar una nova llar sense fer obres... Torna a enamorar-te de casa teva.\" \/>\n<meta property=\"og:url\" content=\"https:\/\/ollerdecoracio.com\/ca\/com-renovar-la-teva-llar-sense-fer-obres\/\" \/>\n<meta property=\"og:site_name\" content=\"Oller Decoraci\u00f3\" \/>\n<meta property=\"article:published_time\" content=\"2018-10-10T13:57:06+00:00\" \/>\n<meta property=\"article:modified_time\" content=\"2023-01-04T12:16:40+00:00\" \/>\n<meta property=\"og:image\" content=\"https:\/\/ollerdecoracio.com\/wp-content\/uploads\/tienda-parquet.jpg\" \/>\n\t<meta property=\"og:image:width\" content=\"450\" \/>\n\t<meta property=\"og:image:height\" content=\"300\" \/>\n\t<meta property=\"og:image:type\" content=\"image\/jpeg\" \/>\n<meta name=\"author\" content=\"Oller Decoraci\u00f3\" \/>\n<meta name=\"twitter:card\" content=\"summary_large_image\" \/>\n<meta name=\"twitter:label1\" content=\"Escrit per\" \/>\n\t<meta name=\"twitter:data1\" content=\"Oller Decoraci\u00f3\" \/>\n\t<meta name=\"twitter:label2\" content=\"Temps estimat de lectura\" \/>\n\t<meta name=\"twitter:data2\" content=\"6 minuts\" \/>\n<script type=\"application\/ld+json\" class=\"yoast-schema-graph\">{\"@context\":\"https:\\\/\\\/schema.org\",\"@graph\":[{\"@type\":\"Article\",\"@id\":\"https:\\\/\\\/ollerdecoracio.com\\\/ca\\\/com-renovar-la-teva-llar-sense-fer-obres\\\/#article\",\"isPartOf\":{\"@id\":\"https:\\\/\\\/ollerdecoracio.com\\\/ca\\\/com-renovar-la-teva-llar-sense-fer-obres\\\/\"},\"author\":{\"name\":\"Oller Decoraci\u00f3\",\"@id\":\"https:\\\/\\\/ollerdecoracio.com\\\/#\\\/schema\\\/person\\\/16be43b2303413061259ed318170ea70\"},\"headline\":\"Com renovar la teva llar sense fer obres\",\"datePublished\":\"2018-10-10T13:57:06+00:00\",\"dateModified\":\"2023-01-04T12:16:40+00:00\",\"mainEntityOfPage\":{\"@id\":\"https:\\\/\\\/ollerdecoracio.com\\\/ca\\\/com-renovar-la-teva-llar-sense-fer-obres\\\/\"},\"wordCount\":2926,\"image\":{\"@id\":\"https:\\\/\\\/ollerdecoracio.com\\\/ca\\\/com-renovar-la-teva-llar-sense-fer-obres\\\/#primaryimage\"},\"thumbnailUrl\":\"https:\\\/\\\/ollerdecoracio.com\\\/wp-content\\\/uploads\\\/tienda-parquet.jpg\",\"articleSection\":[\"Blog d'Oller Decoraci\u00f3\"],\"inLanguage\":\"ca\"},{\"@type\":\"WebPage\",\"@id\":\"https:\\\/\\\/ollerdecoracio.com\\\/ca\\\/com-renovar-la-teva-llar-sense-fer-obres\\\/\",\"url\":\"https:\\\/\\\/ollerdecoracio.com\\\/ca\\\/com-renovar-la-teva-llar-sense-fer-obres\\\/\",\"name\":\"Com renovar la teva llar sense fer obres | Oller Decoraci\u00f3\",\"isPartOf\":{\"@id\":\"https:\\\/\\\/ollerdecoracio.com\\\/#website\"},\"primaryImageOfPage\":{\"@id\":\"https:\\\/\\\/ollerdecoracio.com\\\/ca\\\/com-renovar-la-teva-llar-sense-fer-obres\\\/#primaryimage\"},\"image\":{\"@id\":\"https:\\\/\\\/ollerdecoracio.com\\\/ca\\\/com-renovar-la-teva-llar-sense-fer-obres\\\/#primaryimage\"},\"thumbnailUrl\":\"https:\\\/\\\/ollerdecoracio.com\\\/wp-content\\\/uploads\\\/tienda-parquet.jpg\",\"datePublished\":\"2018-10-10T13:57:06+00:00\",\"dateModified\":\"2023-01-04T12:16:40+00:00\",\"author\":{\"@id\":\"https:\\\/\\\/ollerdecoracio.com\\\/#\\\/schema\\\/person\\\/16be43b2303413061259ed318170ea70\"},\"description\":\"Canviant el terra, la decoraci\u00f3 de les parets i alguns detalls, pots estrenar una nova llar sense fer obres... Torna a enamorar-te de casa teva.\",\"breadcrumb\":{\"@id\":\"https:\\\/\\\/ollerdecoracio.com\\\/ca\\\/com-renovar-la-teva-llar-sense-fer-obres\\\/#breadcrumb\"},\"inLanguage\":\"ca\",\"potentialAction\":[{\"@type\":\"ReadAction\",\"target\":[\"https:\\\/\\\/ollerdecoracio.com\\\/ca\\\/com-renovar-la-teva-llar-sense-fer-obres\\\/\"]}]},{\"@type\":\"ImageObject\",\"inLanguage\":\"ca\",\"@id\":\"https:\\\/\\\/ollerdecoracio.com\\\/ca\\\/com-renovar-la-teva-llar-sense-fer-obres\\\/#primaryimage\",\"url\":\"https:\\\/\\\/ollerdecoracio.com\\\/wp-content\\\/uploads\\\/tienda-parquet.jpg\",\"contentUrl\":\"https:\\\/\\\/ollerdecoracio.com\\\/wp-content\\\/uploads\\\/tienda-parquet.jpg\",\"width\":450,\"height\":300,\"caption\":\"Botiga parquet Granollers\"},{\"@type\":\"BreadcrumbList\",\"@id\":\"https:\\\/\\\/ollerdecoracio.com\\\/ca\\\/com-renovar-la-teva-llar-sense-fer-obres\\\/#breadcrumb\",\"itemListElement\":[{\"@type\":\"ListItem\",\"position\":1,\"name\":\"Portada\",\"item\":\"https:\\\/\\\/ollerdecoracio.com\\\/ca\\\/\"},{\"@type\":\"ListItem\",\"position\":2,\"name\":\"Com renovar la teva llar sense fer obres\"}]},{\"@type\":\"WebSite\",\"@id\":\"https:\\\/\\\/ollerdecoracio.com\\\/#website\",\"url\":\"https:\\\/\\\/ollerdecoracio.com\\\/\",\"name\":\"Oller Decoraci\u00f3\",\"description\":\"\",\"potentialAction\":[{\"@type\":\"SearchAction\",\"target\":{\"@type\":\"EntryPoint\",\"urlTemplate\":\"https:\\\/\\\/ollerdecoracio.com\\\/?s={search_term_string}\"},\"query-input\":{\"@type\":\"PropertyValueSpecification\",\"valueRequired\":true,\"valueName\":\"search_term_string\"}}],\"inLanguage\":\"ca\"},{\"@type\":\"Person\",\"@id\":\"https:\\\/\\\/ollerdecoracio.com\\\/#\\\/schema\\\/person\\\/16be43b2303413061259ed318170ea70\",\"name\":\"Oller Decoraci\u00f3\"}]}<\/script>\n<!-- \/ Yoast SEO plugin. -->","yoast_head_json":{"title":"Com renovar la teva llar sense fer obres | Oller Decoraci\u00f3","description":"Canviant el terra, la decoraci\u00f3 de les parets i alguns detalls, pots estrenar una nova llar sense fer obres... Torna a enamorar-te de casa teva.","robots":{"index":"index","follow":"follow","max-snippet":"max-snippet:-1","max-image-preview":"max-image-preview:large","max-video-preview":"max-video-preview:-1"},"canonical":"https:\/\/ollerdecoracio.com\/ca\/com-renovar-la-teva-llar-sense-fer-obres\/","og_locale":"ca_ES","og_type":"article","og_title":"Com renovar la teva llar sense fer obres | Oller Decoraci\u00f3","og_description":"Canviant el terra, la decoraci\u00f3 de les parets i alguns detalls, pots estrenar una nova llar sense fer obres... Torna a enamorar-te de casa teva.","og_url":"https:\/\/ollerdecoracio.com\/ca\/com-renovar-la-teva-llar-sense-fer-obres\/","og_site_name":"Oller Decoraci\u00f3","article_published_time":"2018-10-10T13:57:06+00:00","article_modified_time":"2023-01-04T12:16:40+00:00","og_image":[{"width":450,"height":300,"url":"https:\/\/ollerdecoracio.com\/wp-content\/uploads\/tienda-parquet.jpg","type":"image\/jpeg"}],"author":"Oller Decoraci\u00f3","twitter_card":"summary_large_image","twitter_misc":{"Escrit per":"Oller Decoraci\u00f3","Temps estimat de lectura":"6 minuts"},"schema":{"@context":"https:\/\/schema.org","@graph":[{"@type":"Article","@id":"https:\/\/ollerdecoracio.com\/ca\/com-renovar-la-teva-llar-sense-fer-obres\/#article","isPartOf":{"@id":"https:\/\/ollerdecoracio.com\/ca\/com-renovar-la-teva-llar-sense-fer-obres\/"},"author":{"name":"Oller Decoraci\u00f3","@id":"https:\/\/ollerdecoracio.com\/#\/schema\/person\/16be43b2303413061259ed318170ea70"},"headline":"Com renovar la teva llar sense fer obres","datePublished":"2018-10-10T13:57:06+00:00","dateModified":"2023-01-04T12:16:40+00:00","mainEntityOfPage":{"@id":"https:\/\/ollerdecoracio.com\/ca\/com-renovar-la-teva-llar-sense-fer-obres\/"},"wordCount":2926,"image":{"@id":"https:\/\/ollerdecoracio.com\/ca\/com-renovar-la-teva-llar-sense-fer-obres\/#primaryimage"},"thumbnailUrl":"https:\/\/ollerdecoracio.com\/wp-content\/uploads\/tienda-parquet.jpg","articleSection":["Blog d'Oller Decoraci\u00f3"],"inLanguage":"ca"},{"@type":"WebPage","@id":"https:\/\/ollerdecoracio.com\/ca\/com-renovar-la-teva-llar-sense-fer-obres\/","url":"https:\/\/ollerdecoracio.com\/ca\/com-renovar-la-teva-llar-sense-fer-obres\/","name":"Com renovar la teva llar sense fer obres | Oller Decoraci\u00f3","isPartOf":{"@id":"https:\/\/ollerdecoracio.com\/#website"},"primaryImageOfPage":{"@id":"https:\/\/ollerdecoracio.com\/ca\/com-renovar-la-teva-llar-sense-fer-obres\/#primaryimage"},"image":{"@id":"https:\/\/ollerdecoracio.com\/ca\/com-renovar-la-teva-llar-sense-fer-obres\/#primaryimage"},"thumbnailUrl":"https:\/\/ollerdecoracio.com\/wp-content\/uploads\/tienda-parquet.jpg","datePublished":"2018-10-10T13:57:06+00:00","dateModified":"2023-01-04T12:16:40+00:00","author":{"@id":"https:\/\/ollerdecoracio.com\/#\/schema\/person\/16be43b2303413061259ed318170ea70"},"description":"Canviant el terra, la decoraci\u00f3 de les parets i alguns detalls, pots estrenar una nova llar sense fer obres... Torna a enamorar-te de casa teva.","breadcrumb":{"@id":"https:\/\/ollerdecoracio.com\/ca\/com-renovar-la-teva-llar-sense-fer-obres\/#breadcrumb"},"inLanguage":"ca","potentialAction":[{"@type":"ReadAction","target":["https:\/\/ollerdecoracio.com\/ca\/com-renovar-la-teva-llar-sense-fer-obres\/"]}]},{"@type":"ImageObject","inLanguage":"ca","@id":"https:\/\/ollerdecoracio.com\/ca\/com-renovar-la-teva-llar-sense-fer-obres\/#primaryimage","url":"https:\/\/ollerdecoracio.com\/wp-content\/uploads\/tienda-parquet.jpg","contentUrl":"https:\/\/ollerdecoracio.com\/wp-content\/uploads\/tienda-parquet.jpg","width":450,"height":300,"caption":"Botiga parquet Granollers"},{"@type":"BreadcrumbList","@id":"https:\/\/ollerdecoracio.com\/ca\/com-renovar-la-teva-llar-sense-fer-obres\/#breadcrumb","itemListElement":[{"@type":"ListItem","position":1,"name":"Portada","item":"https:\/\/ollerdecoracio.com\/ca\/"},{"@type":"ListItem","position":2,"name":"Com renovar la teva llar sense fer obres"}]},{"@type":"WebSite","@id":"https:\/\/ollerdecoracio.com\/#website","url":"https:\/\/ollerdecoracio.com\/","name":"Oller Decoraci\u00f3","description":"","potentialAction":[{"@type":"SearchAction","target":{"@type":"EntryPoint","urlTemplate":"https:\/\/ollerdecoracio.com\/?s={search_term_string}"},"query-input":{"@type":"PropertyValueSpecification","valueRequired":true,"valueName":"search_term_string"}}],"inLanguage":"ca"},{"@type":"Person","@id":"https:\/\/ollerdecoracio.com\/#\/schema\/person\/16be43b2303413061259ed318170ea70","name":"Oller Decoraci\u00f3"}]}},"_links":{"self":[{"href":"https:\/\/ollerdecoracio.com\/ca\/wp-json\/wp\/v2\/posts\/10543","targetHints":{"allow":["GET"]}}],"collection":[{"href":"https:\/\/ollerdecoracio.com\/ca\/wp-json\/wp\/v2\/posts"}],"about":[{"href":"https:\/\/ollerdecoracio.com\/ca\/wp-json\/wp\/v2\/types\/post"}],"author":[{"embeddable":true,"href":"https:\/\/ollerdecoracio.com\/ca\/wp-json\/wp\/v2\/users\/1"}],"replies":[{"embeddable":true,"href":"https:\/\/ollerdecoracio.com\/ca\/wp-json\/wp\/v2\/comments?post=10543"}],"version-history":[{"count":7,"href":"https:\/\/ollerdecoracio.com\/ca\/wp-json\/wp\/v2\/posts\/10543\/revisions"}],"predecessor-version":[{"id":14049,"href":"https:\/\/ollerdecoracio.com\/ca\/wp-json\/wp\/v2\/posts\/10543\/revisions\/14049"}],"wp:featuredmedia":[{"embeddable":true,"href":"https:\/\/ollerdecoracio.com\/ca\/wp-json\/wp\/v2\/media\/10544"}],"wp:attachment":[{"href":"https:\/\/ollerdecoracio.com\/ca\/wp-json\/wp\/v2\/media?parent=10543"}],"wp:term":[{"taxonomy":"category","embeddable":true,"href":"https:\/\/ollerdecoracio.com\/ca\/wp-json\/wp\/v2\/categories?post=10543"},{"taxonomy":"post_tag","embeddable":true,"href":"https:\/\/ollerdecoracio.com\/ca\/wp-json\/wp\/v2\/tags?post=10543"}],"curies":[{"name":"wp","href":"https:\/\/api.w.org\/{rel}","templated":true}]}}